{"id":6064,"date":"2023-12-08T14:50:08","date_gmt":"2023-12-08T13:50:08","guid":{"rendered":"https:\/\/www.brunnenfeldfroesche.at\/bffs\/?p=6064"},"modified":"2025-04-03T13:50:57","modified_gmt":"2025-04-03T11:50:57","slug":"winterweihnachtsreise-in-sollenau","status":"publish","type":"post","link":"https:\/\/www.brunnenfeldfroesche.at\/bffs\/winterweihnachtsreise-in-sollenau\/","title":{"rendered":"Winterweihnachtsreise in Sollenau_2023"},"content":{"rendered":"\t\t<div data-elementor-type=\"wp-post\" data-elementor-id=\"6064\" class=\"elementor elementor-6064\" data-elementor-settings=\"{&quot;ha_cmc_init_switcher&quot;:&quot;no&quot;}\" data-elementor-post-type=\"post\">\n\t\t\t\t<div class=\"elementor-element elementor-element-76d88ad e-flex e-con-boxed e-con e-parent\" data-id=\"76d88ad\" data-element_type=\"container\" data-e-type=\"container\" data-settings=\"{&quot;_ha_eqh_enable&quot;:false}\">\n\t\t\t\t\t<div class=\"e-con-inner\">\n\t\t\t\t<div class=\"elementor-element elementor-element-d3bfa47 elementor-widget elementor-widget-text-editor\" data-id=\"d3bfa47\" data-element_type=\"widget\" data-e-type=\"widget\" data-widget_type=\"text-editor.default\">\n\t\t\t\t<div class=\"elementor-widget-container\">\n\t\t\t\t\t\t\t\t\t<p>Die Fr\u00f6sche bedanken sich bei allen, die ihren Stand besucht haben, und freuen sich schon auf die n\u00e4chste Winterweihnachtsreise in Sollenau.<\/p><p style=\"text-align: center;\"><span style=\"color: #009640;\">Die Fr\u00f6sche w\u00fcnschen allen frohe Weihnachten und ein gutes neues Jahr!<\/span><\/p><p>Die Fotos dazu gibt es wie immer in der <a href=\"https:\/\/www.brunnenfeldfroesche.at\/bffs\/bilder-winter-weihnachts-reise-2023\/\" target=\"_blank\" rel=\"noopener\"><span style=\"color: #009640;\">Fotogalerie<\/span><\/a><\/p>\t\t\t\t\t\t\t\t<\/div>\n\t\t\t\t<\/div>\n\t\t\t\t\t<\/div>\n\t\t\t\t<\/div>\n\t\t\t\t<\/div>\n\t\t","protected":false},"excerpt":{"rendered":"<p>Die Fr\u00f6sche bedanken sich bei allen, die ihren Stand besucht haben, und freuen sich schon auf die n\u00e4chste Winterweihnachtsreise in Sollenau. Die Fr\u00f6sche w\u00fcnschen allen frohe Weihnachten und ein gutes neues Jahr! Die Fotos dazu gibt es wie immer in der Fotogalerie<\/p>\n","protected":false},"author":4,"featured_media":5918,"comment_status":"open","ping_status":"open","sticky":false,"template":"","format":"standard","meta":{"footnotes":""},"categories":[1,48],"tags":[],"class_list":["post-6064","post","type-post","status-publish","format-standard","has-post-thumbnail","hentry","category-news","category-winterweihnachtsreise-news"],"_links":{"self":[{"href":"https:\/\/www.brunnenfeldfroesche.at\/bffs\/wp-json\/wp\/v2\/posts\/6064","targetHints":{"allow":["GET"]}}],"collection":[{"href":"https:\/\/www.brunnenfeldfroesche.at\/bffs\/wp-json\/wp\/v2\/posts"}],"about":[{"href":"https:\/\/www.brunnenfeldfroesche.at\/bffs\/wp-json\/wp\/v2\/types\/post"}],"author":[{"embeddable":true,"href":"https:\/\/www.brunnenfeldfroesche.at\/bffs\/wp-json\/wp\/v2\/users\/4"}],"replies":[{"embeddable":true,"href":"https:\/\/www.brunnenfeldfroesche.at\/bffs\/wp-json\/wp\/v2\/comments?post=6064"}],"version-history":[{"count":0,"href":"https:\/\/www.brunnenfeldfroesche.at\/bffs\/wp-json\/wp\/v2\/posts\/6064\/revisions"}],"wp:featuredmedia":[{"embeddable":true,"href":"https:\/\/www.brunnenfeldfroesche.at\/bffs\/wp-json\/wp\/v2\/media\/5918"}],"wp:attachment":[{"href":"https:\/\/www.brunnenfeldfroesche.at\/bffs\/wp-json\/wp\/v2\/media?parent=6064"}],"wp:term":[{"taxonomy":"category","embeddable":true,"href":"https:\/\/www.brunnenfeldfroesche.at\/bffs\/wp-json\/wp\/v2\/categories?post=6064"},{"taxonomy":"post_tag","embeddable":true,"href":"https:\/\/www.brunnenfeldfroesche.at\/bffs\/wp-json\/wp\/v2\/tags?post=6064"}],"curies":[{"name":"wp","href":"https:\/\/api.w.org\/{rel}","templated":true}]}}