{"id":5699,"date":"2023-10-05T16:44:17","date_gmt":"2023-10-05T14:44:17","guid":{"rendered":"https:\/\/www.hsteiner.at\/?p=5699"},"modified":"2025-04-03T12:19:12","modified_gmt":"2025-04-03T10:19:12","slug":"froesche-spenden-einnahmen-aus-dem-strassenfest","status":"publish","type":"post","link":"https:\/\/www.brunnenfeldfroesche.at\/bffs\/froesche-spenden-einnahmen-aus-dem-strassenfest\/","title":{"rendered":"Fr\u00f6sche Spenden Einnahmen aus dem Stra\u00dfenfest"},"content":{"rendered":"\t\t<div data-elementor-type=\"wp-post\" data-elementor-id=\"5699\" class=\"elementor elementor-5699\" data-elementor-settings=\"{&quot;ha_cmc_init_switcher&quot;:&quot;no&quot;}\" data-elementor-post-type=\"post\">\n\t\t\t\t<div class=\"elementor-element elementor-element-eecc560 e-flex e-con-boxed e-con e-parent\" data-id=\"eecc560\" data-element_type=\"container\" data-e-type=\"container\" data-settings=\"{&quot;_ha_eqh_enable&quot;:false}\">\n\t\t\t\t\t<div class=\"e-con-inner\">\n\t\t\t\t<div class=\"elementor-element elementor-element-388ff6d elementor-widget elementor-widget-text-editor\" data-id=\"388ff6d\" data-element_type=\"widget\" data-e-type=\"widget\" data-widget_type=\"text-editor.default\">\n\t\t\t\t<div class=\"elementor-widget-container\">\n\t\t\t\t\t\t\t\t\t<p style=\"text-align: left;\">Am 26.08. fand das mittlerweile dritte Stra\u00dfenfest in der Brunnenfeldstra\u00dfe statt. Der Andrang war \u2013 auch aufgrund des gro\u00dfartigen Rahmenprogramms \u2013 sehr gro\u00df, die Festzone war bis auf den letzten Platz gef\u00fcllt.<\/p><p style=\"text-align: left;\">Die Veranstaltungen der Brunnenfeldfr\u00f6sche sollen aber nicht nur unterhalten, der Verein hat sich au\u00dferdem auf die Fahnen geschrieben, mit den Erl\u00f6sen aus den Veranstaltungen Gutes zu tun.<\/p><p style=\"text-align: left;\">Unterst\u00fctzt werden dabei vorrangig Projekte oder B\u00fcrger aus Sollenau.<\/p><p style=\"text-align: left;\">Auch dieses Jahr konnte eine Sollenauer Familie, die einen schweren Schicksalsschlag erlitten hat, unterst\u00fctzt werden.<\/p><p style=\"text-align: center;\">Die Fr\u00f6sche spendeten insgesamt<\/p><h5 style=\"text-align: center;\"><strong><span style=\"color: #009640;\">\u20ac 4.000,00<\/span><\/strong><\/h5><p style=\"text-align: left;\">welche vor allem den Kindern als Unterst\u00fctzung dienen sollen.<\/p><p style=\"text-align: left;\">Ausdr\u00fccklich bedanken m\u00f6chten sich die Fr\u00f6sche dabei bei allen Besuchern die zum Teil ebenfalls gro\u00dfz\u00fcgig gespendet haben, sowie bei den Sollenauer Unternehmen, die die Veranstaltung unterst\u00fctzt und so zu einem gro\u00dfen Erfolg gemacht haben.<\/p>\t\t\t\t\t\t\t\t<\/div>\n\t\t\t\t<\/div>\n\t\t\t\t\t<\/div>\n\t\t\t\t<\/div>\n\t\t\t\t<\/div>\n\t\t","protected":false},"excerpt":{"rendered":"<p>Am 26.08. fand das mittlerweile dritte Stra\u00dfenfest in der Brunnenfeldstra\u00dfe statt. Der Andrang war \u2013 auch aufgrund des gro\u00dfartigen Rahmenprogramms \u2013 sehr gro\u00df, die Festzone war bis auf den letzten Platz gef\u00fcllt. Die Veranstaltungen der Brunnenfeldfr\u00f6sche sollen aber nicht nur unterhalten, der Verein hat sich au\u00dferdem auf die Fahnen geschrieben, mit den Erl\u00f6sen aus den [&hellip;]<\/p>\n","protected":false},"author":4,"featured_media":5701,"comment_status":"open","ping_status":"open","sticky":false,"template":"","format":"standard","meta":{"footnotes":""},"categories":[1,45],"tags":[],"class_list":["post-5699","post","type-post","status-publish","format-standard","has-post-thumbnail","hentry","category-news","category-spenden-news"],"_links":{"self":[{"href":"https:\/\/www.brunnenfeldfroesche.at\/bffs\/wp-json\/wp\/v2\/posts\/5699","targetHints":{"allow":["GET"]}}],"collection":[{"href":"https:\/\/www.brunnenfeldfroesche.at\/bffs\/wp-json\/wp\/v2\/posts"}],"about":[{"href":"https:\/\/www.brunnenfeldfroesche.at\/bffs\/wp-json\/wp\/v2\/types\/post"}],"author":[{"embeddable":true,"href":"https:\/\/www.brunnenfeldfroesche.at\/bffs\/wp-json\/wp\/v2\/users\/4"}],"replies":[{"embeddable":true,"href":"https:\/\/www.brunnenfeldfroesche.at\/bffs\/wp-json\/wp\/v2\/comments?post=5699"}],"version-history":[{"count":0,"href":"https:\/\/www.brunnenfeldfroesche.at\/bffs\/wp-json\/wp\/v2\/posts\/5699\/revisions"}],"wp:featuredmedia":[{"embeddable":true,"href":"https:\/\/www.brunnenfeldfroesche.at\/bffs\/wp-json\/wp\/v2\/media\/5701"}],"wp:attachment":[{"href":"https:\/\/www.brunnenfeldfroesche.at\/bffs\/wp-json\/wp\/v2\/media?parent=5699"}],"wp:term":[{"taxonomy":"category","embeddable":true,"href":"https:\/\/www.brunnenfeldfroesche.at\/bffs\/wp-json\/wp\/v2\/categories?post=5699"},{"taxonomy":"post_tag","embeddable":true,"href":"https:\/\/www.brunnenfeldfroesche.at\/bffs\/wp-json\/wp\/v2\/tags?post=5699"}],"curies":[{"name":"wp","href":"https:\/\/api.w.org\/{rel}","templated":true}]}}