{"id":5248,"date":"2023-05-04T10:02:10","date_gmt":"2023-05-04T08:02:10","guid":{"rendered":"https:\/\/www.hsteiner.at\/?p=5248"},"modified":"2025-04-10T17:58:52","modified_gmt":"2025-04-10T15:58:52","slug":"oldtimer-erwachen-2023","status":"publish","type":"post","link":"https:\/\/www.brunnenfeldfroesche.at\/bffs\/oldtimer-erwachen-2023\/","title":{"rendered":"Oldtimer Erwachen 2023"},"content":{"rendered":"\t\t<div data-elementor-type=\"wp-post\" data-elementor-id=\"5248\" class=\"elementor elementor-5248\" data-elementor-settings=\"{&quot;ha_cmc_init_switcher&quot;:&quot;no&quot;}\" data-elementor-post-type=\"post\">\n\t\t\t\t<div class=\"elementor-element elementor-element-43d9707 e-flex e-con-boxed e-con e-parent\" data-id=\"43d9707\" data-element_type=\"container\" data-e-type=\"container\" data-settings=\"{&quot;_ha_eqh_enable&quot;:false}\">\n\t\t\t\t\t<div class=\"e-con-inner\">\n\t\t\t\t<div class=\"elementor-element elementor-element-8bb174b elementor-widget elementor-widget-text-editor\" data-id=\"8bb174b\" data-element_type=\"widget\" data-e-type=\"widget\" data-widget_type=\"text-editor.default\">\n\t\t\t\t<div class=\"elementor-widget-container\">\n\t\t\t\t\t\t\t\t\t<p style=\"text-align: center;\"><span style=\"color: #009640;\"><strong>Wir m\u00f6chten uns bei den Teilnehmern, Besuchern und unseren Helfern bedanken !<\/strong><\/span><\/p><p style=\"text-align: center;\"><span style=\"color: #000000;\">Die Positiven schreiben, die wir bekommen haben von den Fahren und Besuchern, haben uns sehr ber\u00fchrt und geben uns Kraft, die n\u00e4chsten Veranstaltungen zu planen!<\/span><\/p><p style=\"text-align: center;\"><span style=\"color: #000000;\"> W<\/span><span style=\"color: #000000;\">ir freuen uns auf n\u00e4chstes Jahr &#8222;Oldtimer Erwachen 2024&#8220; und sagen noch mal Recht herzlichen Dank ! <\/span><\/p><p style=\"text-align: center;\"><span style=\"color: #000000;\">Die Fotos gibt es wie immer in der <\/span><span style=\"text-decoration: underline; color: #009640;\"><a style=\"color: #009640; text-decoration: underline;\" href=\"https:\/\/www.brunnenfeldfroesche.at\/bffs\/\/bilder-oldtimer-erwachen-2023\/\" target=\"_blank\" rel=\"noopener\">Fotogalerie<\/a><\/span><\/p><p style=\"text-align: center;\"><span style=\"color: #000000;\">und ein super Video von <\/span><span style=\"text-decoration: underline;\"><a href=\"https:\/\/youtu.be\/NCeojJaUUSA\" target=\"_blank\" rel=\"noopener\"><span style=\"color: #009640; text-decoration: underline;\">ichhabdawasTV<\/span> <\/a><\/span>dem wir recht herzlich daf\u00fcr danken.<\/p><p style=\"text-align: center;\"><span style=\"color: #000000;\">Ein Dank geht auch an die Virtuelle Oldtimer Zeitung die auch einen <\/span><span style=\"color: #009640;\"><a style=\"color: #009640;\" href=\"https:\/\/www.voz.co.at\/2023A\/20230504.pdf\" target=\"_blank\" rel=\"noopener\"><span style=\"text-decoration: underline;\">Bericht<\/span><\/a><\/span><span style=\"color: #000000;\"> von der Veranstaltung ver\u00f6ffentlich hat.<\/span><\/p>\t\t\t\t\t\t\t\t<\/div>\n\t\t\t\t<\/div>\n\t\t\t\t\t<\/div>\n\t\t\t\t<\/div>\n\t\t\t\t<\/div>\n\t\t","protected":false},"excerpt":{"rendered":"<p>Wir m\u00f6chten uns bei den Teilnehmern, Besuchern und unseren Helfern bedanken ! Die Positiven schreiben, die wir bekommen haben von den Fahren und Besuchern, haben uns sehr ber\u00fchrt und geben uns Kraft, die n\u00e4chsten Veranstaltungen zu planen! Wir freuen uns auf n\u00e4chstes Jahr &#8222;Oldtimer Erwachen 2024&#8220; und sagen noch mal Recht herzlichen Dank ! Die [&hellip;]<\/p>\n","protected":false},"author":4,"featured_media":4984,"comment_status":"open","ping_status":"open","sticky":false,"template":"","format":"standard","meta":{"footnotes":""},"categories":[1,43],"tags":[],"class_list":["post-5248","post","type-post","status-publish","format-standard","has-post-thumbnail","hentry","category-news","category-oldtimererwachen-news"],"_links":{"self":[{"href":"https:\/\/www.brunnenfeldfroesche.at\/bffs\/wp-json\/wp\/v2\/posts\/5248","targetHints":{"allow":["GET"]}}],"collection":[{"href":"https:\/\/www.brunnenfeldfroesche.at\/bffs\/wp-json\/wp\/v2\/posts"}],"about":[{"href":"https:\/\/www.brunnenfeldfroesche.at\/bffs\/wp-json\/wp\/v2\/types\/post"}],"author":[{"embeddable":true,"href":"https:\/\/www.brunnenfeldfroesche.at\/bffs\/wp-json\/wp\/v2\/users\/4"}],"replies":[{"embeddable":true,"href":"https:\/\/www.brunnenfeldfroesche.at\/bffs\/wp-json\/wp\/v2\/comments?post=5248"}],"version-history":[{"count":0,"href":"https:\/\/www.brunnenfeldfroesche.at\/bffs\/wp-json\/wp\/v2\/posts\/5248\/revisions"}],"wp:featuredmedia":[{"embeddable":true,"href":"https:\/\/www.brunnenfeldfroesche.at\/bffs\/wp-json\/wp\/v2\/media\/4984"}],"wp:attachment":[{"href":"https:\/\/www.brunnenfeldfroesche.at\/bffs\/wp-json\/wp\/v2\/media?parent=5248"}],"wp:term":[{"taxonomy":"category","embeddable":true,"href":"https:\/\/www.brunnenfeldfroesche.at\/bffs\/wp-json\/wp\/v2\/categories?post=5248"},{"taxonomy":"post_tag","embeddable":true,"href":"https:\/\/www.brunnenfeldfroesche.at\/bffs\/wp-json\/wp\/v2\/tags?post=5248"}],"curies":[{"name":"wp","href":"https:\/\/api.w.org\/{rel}","templated":true}]}}