{"id":11874,"date":"2025-12-03T13:22:36","date_gmt":"2025-12-03T12:22:36","guid":{"rendered":"https:\/\/www.brunnenfeldfroesche.at\/bffs\/?p=11874"},"modified":"2026-02-01T14:16:11","modified_gmt":"2026-02-01T13:16:11","slug":"vielen-dank-an-alle","status":"publish","type":"post","link":"https:\/\/www.brunnenfeldfroesche.at\/bffs\/vielen-dank-an-alle\/","title":{"rendered":"Vielen Dank an alle"},"content":{"rendered":"\t\t<div data-elementor-type=\"wp-post\" data-elementor-id=\"11874\" class=\"elementor elementor-11874\" data-elementor-settings=\"{&quot;ha_cmc_init_switcher&quot;:&quot;no&quot;}\" data-elementor-post-type=\"post\">\n\t\t\t\t<div class=\"elementor-element elementor-element-3adfda8 e-flex e-con-boxed e-con e-parent\" data-id=\"3adfda8\" data-element_type=\"container\" data-e-type=\"container\" data-settings=\"{&quot;_ha_eqh_enable&quot;:false}\">\n\t\t\t\t\t<div class=\"e-con-inner\">\n\t\t\t\t<div class=\"elementor-element elementor-element-a70ed23 elementor-widget elementor-widget-text-editor\" data-id=\"a70ed23\" data-element_type=\"widget\" data-e-type=\"widget\" data-widget_type=\"text-editor.default\">\n\t\t\t\t<div class=\"elementor-widget-container\">\n\t\t\t\t\t\t\t\t\t<h5 style=\"text-align: center;\"><span style=\"color: #009640;\"><strong>Vielen Dank an alle, die uns an unserem Stand besucht haben!<\/strong><\/span><\/h5><h5>Die <span style=\"color: #009640;\"><strong>Brunnenfeldfr\u00f6sche<\/strong> <\/span>m\u00f6chten sich herzlich bei allen bedanken die den Weg zu uns gefunden haben. Wir waren \u00fcberw\u00e4ltigt von der gro\u00dfen Anzahl an Besuchern und der tollen Stimmung am Stand.<\/h5><h5>Es war uns eine Freude, auch heuer wieder Teil der &#8222;Winter Weihnachtsreise&#8220; der Gemeinde Sollenau zu sein und mit zu euch feiern.<\/h5><h5>Wir danken euch f\u00fcr eure Treue und Unterst\u00fctzung und freuen uns auf ein baldiges Wiedersehen!<\/h5><h5>Wir w\u00fcnschen allen noch ein frohes Weihnachtsfest und einen guten Rutsch ins neue Jahr 2026<\/h5><h5><strong><span style=\"color: #009640;\">Eure Brunnenfeldfr\u00f6sche<\/span><\/strong><\/h5><h5>Die Fotos dazu gibt es wie immer in der <strong><span style=\"color: #009640;\"><a style=\"color: #009640;\" href=\"https:\/\/www.brunnenfeldfroesche.at\/bffs\/winter-weihnachtsreise-2025\/\" target=\"_blank\" rel=\"noopener\">Fotogalerie<\/a><\/span><\/strong><\/h5>\t\t\t\t\t\t\t\t<\/div>\n\t\t\t\t<\/div>\n\t\t\t\t\t<\/div>\n\t\t\t\t<\/div>\n\t\t\t\t<\/div>\n\t\t","protected":false},"excerpt":{"rendered":"<p>Vielen Dank an alle, die uns an unserem Stand besucht haben! Die Brunnenfeldfr\u00f6sche m\u00f6chten sich herzlich bei allen bedanken die den Weg zu uns gefunden haben. Wir waren \u00fcberw\u00e4ltigt von der gro\u00dfen Anzahl an Besuchern und der tollen Stimmung am Stand. Es war uns eine Freude, auch heuer wieder Teil der &#8222;Winter Weihnachtsreise&#8220; der Gemeinde [&hellip;]<\/p>\n","protected":false},"author":4,"featured_media":11841,"comment_status":"open","ping_status":"open","sticky":false,"template":"","format":"standard","meta":{"footnotes":""},"categories":[1,48,53],"tags":[],"class_list":["post-11874","post","type-post","status-publish","format-standard","has-post-thumbnail","hentry","category-news","category-winterweihnachtsreise-news","category-winterweihnachtsreise-veranstaltungen"],"_links":{"self":[{"href":"https:\/\/www.brunnenfeldfroesche.at\/bffs\/wp-json\/wp\/v2\/posts\/11874","targetHints":{"allow":["GET"]}}],"collection":[{"href":"https:\/\/www.brunnenfeldfroesche.at\/bffs\/wp-json\/wp\/v2\/posts"}],"about":[{"href":"https:\/\/www.brunnenfeldfroesche.at\/bffs\/wp-json\/wp\/v2\/types\/post"}],"author":[{"embeddable":true,"href":"https:\/\/www.brunnenfeldfroesche.at\/bffs\/wp-json\/wp\/v2\/users\/4"}],"replies":[{"embeddable":true,"href":"https:\/\/www.brunnenfeldfroesche.at\/bffs\/wp-json\/wp\/v2\/comments?post=11874"}],"version-history":[{"count":0,"href":"https:\/\/www.brunnenfeldfroesche.at\/bffs\/wp-json\/wp\/v2\/posts\/11874\/revisions"}],"wp:featuredmedia":[{"embeddable":true,"href":"https:\/\/www.brunnenfeldfroesche.at\/bffs\/wp-json\/wp\/v2\/media\/11841"}],"wp:attachment":[{"href":"https:\/\/www.brunnenfeldfroesche.at\/bffs\/wp-json\/wp\/v2\/media?parent=11874"}],"wp:term":[{"taxonomy":"category","embeddable":true,"href":"https:\/\/www.brunnenfeldfroesche.at\/bffs\/wp-json\/wp\/v2\/categories?post=11874"},{"taxonomy":"post_tag","embeddable":true,"href":"https:\/\/www.brunnenfeldfroesche.at\/bffs\/wp-json\/wp\/v2\/tags?post=11874"}],"curies":[{"name":"wp","href":"https:\/\/api.w.org\/{rel}","templated":true}]}}