{"id":11422,"date":"2025-08-29T09:34:07","date_gmt":"2025-08-29T07:34:07","guid":{"rendered":"https:\/\/www.brunnenfeldfroesche.at\/bffs\/?p=11422"},"modified":"2025-09-05T15:56:31","modified_gmt":"2025-09-05T13:56:31","slug":"danke-fuer-ein-unvergessliches-strassenfest-2025","status":"publish","type":"post","link":"https:\/\/www.brunnenfeldfroesche.at\/bffs\/danke-fuer-ein-unvergessliches-strassenfest-2025\/","title":{"rendered":"DANKE f\u00fcr ein unvergessliches Stra\u00dfenfest 2025!"},"content":{"rendered":"\t\t<div data-elementor-type=\"wp-post\" data-elementor-id=\"11422\" class=\"elementor elementor-11422\" data-elementor-settings=\"{&quot;ha_cmc_init_switcher&quot;:&quot;no&quot;}\" data-elementor-post-type=\"post\">\n\t\t\t\t<div class=\"elementor-element elementor-element-cafa0a2 e-flex e-con-boxed e-con e-parent\" data-id=\"cafa0a2\" data-element_type=\"container\" data-e-type=\"container\" data-settings=\"{&quot;_ha_eqh_enable&quot;:false}\">\n\t\t\t\t\t<div class=\"e-con-inner\">\n\t\t\t\t<div class=\"elementor-element elementor-element-13869ba elementor-widget elementor-widget-text-editor\" data-id=\"13869ba\" data-element_type=\"widget\" data-e-type=\"widget\" data-widget_type=\"text-editor.default\">\n\t\t\t\t<div class=\"elementor-widget-container\">\n\t\t\t\t\t\t\t\t\t<h5 style=\"text-align: center;\">Wir sind noch immer \u00fcberw\u00e4ltigt und voller Freude \u2013 was f\u00fcr ein wundersch\u00f6nes Fest! \ud83e\udd73<\/h5><h6 style=\"text-align: center;\">Von Herzen m\u00f6chten wir uns bei all den flei\u00dfigen Helferinnen und Helfern bedanken, die mit so viel Einsatz und Herzblut daf\u00fcr gesorgt haben, dass unser Stra\u00dfenfest zu etwas ganz Besonderem wurde. Ohne euch w\u00e4re das alles nicht m\u00f6glich gewesen. \ud83d\udc9a<\/h6><h6 style=\"text-align: center;\">Ein riesiges Dankesch\u00f6n auch an unsere wunderbaren G\u00e4ste: Trotz des frischen Wetters seid ihr so zahlreich gekommen und habt mit eurer guten Laune, eurer Energie und euren strahlenden Gesichtern das Fest lebendig gemacht. Eure Begeisterung hat eine Atmosph\u00e4re geschaffen, die uns noch lange in Erinnerung bleibt.<\/h6><h6 style=\"text-align: center;\">Es ist einfach gro\u00dfartig zu sehen, wie unsere Gemeinschaft zusammenh\u00e4lt, anpackt und gemeinsam feiert. Genau das macht unser Stra\u00dfenfest so einzigartig. \ud83c\udf1f<\/h6><h6 style=\"text-align: center;\">Danke, dass ihr alle ein Teil davon wart \u2013 ihr seid die Besten! \ud83d\ude4c\ud83d\udc90<\/h6><h6 style=\"text-align: center;\">Die Fotos gibt es <a href=\"https:\/\/www.brunnenfeldfroesche.at\/bffs\/bilder_strassenfest_2025\/\" target=\"_blank\" rel=\"noopener\"><span style=\"color: #009640;\">hier<\/span><\/a><\/h6><h6 style=\"text-align: center;\">Mit gro\u00dfer Dankbarkeit<\/h6><p><span style=\"color: #009640;\"><strong>Eure Brunnenfeldfr\u00f6sche<\/strong><\/span> \ud83d\udc38\ud83d\udc9a<\/p>\t\t\t\t\t\t\t\t<\/div>\n\t\t\t\t<\/div>\n\t\t\t\t\t<\/div>\n\t\t\t\t<\/div>\n\t\t\t\t<\/div>\n\t\t","protected":false},"excerpt":{"rendered":"<p>Wir sind noch immer \u00fcberw\u00e4ltigt und voller Freude \u2013 was f\u00fcr ein wundersch\u00f6nes Fest! \ud83e\udd73 Von Herzen m\u00f6chten wir uns bei all den flei\u00dfigen Helferinnen und Helfern bedanken, die mit so viel Einsatz und Herzblut daf\u00fcr gesorgt haben, dass unser Stra\u00dfenfest zu etwas ganz Besonderem wurde. Ohne euch w\u00e4re das alles nicht m\u00f6glich gewesen. \ud83d\udc9a [&hellip;]<\/p>\n","protected":false},"author":4,"featured_media":11379,"comment_status":"open","ping_status":"open","sticky":false,"template":"","format":"standard","meta":{"footnotes":""},"categories":[1,46],"tags":[66,67],"class_list":["post-11422","post","type-post","status-publish","format-standard","has-post-thumbnail","hentry","category-news","category-strassenfest-news","tag-brunnenfeldfroesche","tag-strassenfest-2025"],"_links":{"self":[{"href":"https:\/\/www.brunnenfeldfroesche.at\/bffs\/wp-json\/wp\/v2\/posts\/11422","targetHints":{"allow":["GET"]}}],"collection":[{"href":"https:\/\/www.brunnenfeldfroesche.at\/bffs\/wp-json\/wp\/v2\/posts"}],"about":[{"href":"https:\/\/www.brunnenfeldfroesche.at\/bffs\/wp-json\/wp\/v2\/types\/post"}],"author":[{"embeddable":true,"href":"https:\/\/www.brunnenfeldfroesche.at\/bffs\/wp-json\/wp\/v2\/users\/4"}],"replies":[{"embeddable":true,"href":"https:\/\/www.brunnenfeldfroesche.at\/bffs\/wp-json\/wp\/v2\/comments?post=11422"}],"version-history":[{"count":0,"href":"https:\/\/www.brunnenfeldfroesche.at\/bffs\/wp-json\/wp\/v2\/posts\/11422\/revisions"}],"wp:featuredmedia":[{"embeddable":true,"href":"https:\/\/www.brunnenfeldfroesche.at\/bffs\/wp-json\/wp\/v2\/media\/11379"}],"wp:attachment":[{"href":"https:\/\/www.brunnenfeldfroesche.at\/bffs\/wp-json\/wp\/v2\/media?parent=11422"}],"wp:term":[{"taxonomy":"category","embeddable":true,"href":"https:\/\/www.brunnenfeldfroesche.at\/bffs\/wp-json\/wp\/v2\/categories?post=11422"},{"taxonomy":"post_tag","embeddable":true,"href":"https:\/\/www.brunnenfeldfroesche.at\/bffs\/wp-json\/wp\/v2\/tags?post=11422"}],"curies":[{"name":"wp","href":"https:\/\/api.w.org\/{rel}","templated":true}]}}